{"id":7990,"date":"2022-09-13T19:51:32","date_gmt":"2022-09-13T19:51:32","guid":{"rendered":"https:\/\/www.floristu-skola.lv\/ventspils-ziedu-paklaju-festivals\/"},"modified":"2022-10-04T19:11:41","modified_gmt":"2022-10-04T19:11:41","slug":"ventspils-ziedu-paklaju-festivals","status":"publish","type":"post","link":"https:\/\/www.floristu-skola.lv\/ru\/ventspils-ziedu-paklaju-festivals\/","title":{"rendered":"Ventspils ziedu pakl\u0101ju festiv\u0101ls"},"content":{"rendered":"\n","protected":false},"excerpt":{"rendered":"<p>2022 \/Augusts Aija \u017dagari\u0146a<\/p>\n<p>\u00a0\u0160ogad p\u0113c divu gadu p\u0101rtraukuma Ventspil\u012b, atkal norisin\u0101j\u0101s ziedu pakl\u0101ju festiv\u0101ls ar dev\u012bzi &#8211; &#8220;DZIM\u0160ANAS DIENAS TORTE&#8221;.\u00a0 \u0160is bija divdesmitais ziedu pakl\u0101ju festiv\u0101ls p\u0113c k\u0101rtas.<\/p>\n<p>Jau 2020. gad\u0101 visi ar lielu nepaciet\u012bbu gaid\u012bja \u0161o floristu sv\u0113tku un festiv\u0101la kulmin\u0101ciju. Bet s\u0101k\u0101s vispasaules s\u0113rga, kam sekoja divu gadu p\u0101rtraukums un nu beidzot \u0161\u0101 gada augusta s\u0101kum\u0101 atkal notika \u0161is ilgi gaid\u012btais pas\u0101kums.<\/p>\n","protected":false},"author":2,"featured_media":0,"comment_status":"closed","ping_status":"closed","sticky":false,"template":"","format":"standard","meta":[],"categories":[42],"tags":[],"yoast_head":"<!-- This site is optimized with the Yoast SEO Premium plugin v18.9 (Yoast SEO v19.3) - https:\/\/yoast.com\/wordpress\/plugins\/seo\/ -->\n<title>konkurss ventspils ziedu pakl\u0101ju vestiv\u0101ls<\/title>\n<meta name=\"description\" content=\"Ventspils ziedu pakl\u0101ju festiv\u0101ls.\u00a0\u0160ogad p\u0113c divu gadu p\u0101rtraukuma Ventspil\u012b, atkal norisin\u0101j\u0101s ziedu pakl\u0101ju festiv\u0101ls ar dev\u012bzi - &quot;DZIM\u0160ANAS DIENAS TORTE&quot;.\u00a0 \u0160is bija divdesmitais ziedu pakl\u0101ju festiv\u0101ls p\u0113c k\u0101rtas.\u00a0Jau 2020. gad\u0101 visi ar lielu nepaciet\u012bbu gaid\u012bja \u0161o floristu sv\u0113tku un festiv\u0101la kulmin\u0101ciju. Bet s\u0101k\u0101s vispasaules s\u0113rga, kam sekoja divu gadu p\u0101rtraukums un nu beidzot \u0161\u0101 gada augusta s\u0101kum\u0101 atkal notika \u0161is ilgi gaid\u012btais pas\u0101kums.\u00a0\" \/>\n<meta name=\"robots\" content=\"index, follow, max-snippet:-1, max-image-preview:large, max-video-preview:-1\" \/>\n<link rel=\"canonical\" href=\"https:\/\/www.floristu-skola.lv\/ventspils-ziedu-paklaju-festivals\/\" \/>\n<meta property=\"og:locale\" content=\"lv_LV\" \/>\n<meta property=\"og:type\" content=\"article\" \/>\n<meta property=\"og:title\" content=\"Ventspils ziedu pakl\u0101ju festiv\u0101ls\" \/>\n<meta property=\"og:description\" content=\"Ventspils ziedu pakl\u0101ju festiv\u0101ls.\u00a0\u0160ogad p\u0113c divu gadu p\u0101rtraukuma Ventspil\u012b, atkal norisin\u0101j\u0101s ziedu pakl\u0101ju festiv\u0101ls ar dev\u012bzi - &quot;DZIM\u0160ANAS DIENAS TORTE&quot;.\u00a0 \u0160is bija divdesmitais ziedu pakl\u0101ju festiv\u0101ls p\u0113c k\u0101rtas.\u00a0Jau 2020. gad\u0101 visi ar lielu nepaciet\u012bbu gaid\u012bja \u0161o floristu sv\u0113tku un festiv\u0101la kulmin\u0101ciju. Bet s\u0101k\u0101s vispasaules s\u0113rga, kam sekoja divu gadu p\u0101rtraukums un nu beidzot \u0161\u0101 gada augusta s\u0101kum\u0101 atkal notika \u0161is ilgi gaid\u012btais pas\u0101kums.\u00a0\" \/>\n<meta property=\"og:url\" content=\"https:\/\/www.floristu-skola.lv\/ru\/ventspils-ziedu-paklaju-festivals\/\" \/>\n<meta property=\"og:site_name\" content=\"Floristu skola A-Z\" \/>\n<meta property=\"article:publisher\" content=\"https:\/\/www.facebook.com\/floristuskolaAZ\/\" \/>\n<meta property=\"article:author\" content=\"https:\/\/www.facebook.com\/floristuskolaAZ\" \/>\n<meta property=\"article:published_time\" content=\"2022-09-13T19:51:32+00:00\" \/>\n<meta property=\"article:modified_time\" content=\"2022-10-04T19:11:41+00:00\" \/>\n<meta property=\"og:image\" content=\"https:\/\/www.floristu-skola.lv\/wp-content\/uploads\/2022\/09\/306308603_2258261914333849_5959851353691874339_n-300x293.jpg\" \/>\n<meta name=\"author\" content=\"Floristu skola A-Z\" \/>\n<meta name=\"twitter:card\" content=\"summary_large_image\" \/>\n<meta name=\"twitter:label1\" content=\"Written by\" \/>\n\t<meta name=\"twitter:data1\" content=\"Floristu skola A-Z\" \/>\n\t<meta name=\"twitter:label2\" content=\"Est. reading time\" \/>\n\t<meta name=\"twitter:data2\" content=\"3 minutes\" \/>\n<script type=\"application\/ld+json\" class=\"yoast-schema-graph\">{\"@context\":\"https:\/\/schema.org\",\"@graph\":[{\"@type\":\"WebSite\",\"@id\":\"https:\/\/www.floristu-skola.lv\/#website\",\"url\":\"https:\/\/www.floristu-skola.lv\/\",\"name\":\"Floristu skola A-Z\",\"description\":\"Floristu skola A-Z\",\"potentialAction\":[{\"@type\":\"SearchAction\",\"target\":{\"@type\":\"EntryPoint\",\"urlTemplate\":\"https:\/\/www.floristu-skola.lv\/?s={search_term_string}\"},\"query-input\":\"required name=search_term_string\"}],\"inLanguage\":\"lv-LV\"},{\"@type\":\"ImageObject\",\"inLanguage\":\"lv-LV\",\"@id\":\"https:\/\/www.floristu-skola.lv\/ru\/ventspils-ziedu-paklaju-festivals\/#primaryimage\",\"url\":\"https:\/\/www.floristu-skola.lv\/wp-content\/uploads\/2022\/09\/306308603_2258261914333849_5959851353691874339_n.jpg\",\"contentUrl\":\"https:\/\/www.floristu-skola.lv\/wp-content\/uploads\/2022\/09\/306308603_2258261914333849_5959851353691874339_n.jpg\",\"width\":1080,\"height\":1053},{\"@type\":\"WebPage\",\"@id\":\"https:\/\/www.floristu-skola.lv\/ru\/ventspils-ziedu-paklaju-festivals\/\",\"url\":\"https:\/\/www.floristu-skola.lv\/ru\/ventspils-ziedu-paklaju-festivals\/\",\"name\":\"konkurss ventspils ziedu pakl\u0101ju vestiv\u0101ls\",\"isPartOf\":{\"@id\":\"https:\/\/www.floristu-skola.lv\/#website\"},\"primaryImageOfPage\":{\"@id\":\"https:\/\/www.floristu-skola.lv\/ru\/ventspils-ziedu-paklaju-festivals\/#primaryimage\"},\"datePublished\":\"2022-09-13T19:51:32+00:00\",\"dateModified\":\"2022-10-04T19:11:41+00:00\",\"author\":{\"@id\":\"https:\/\/www.floristu-skola.lv\/#\/schema\/person\/8462cb9bcded15a299616e8a1bb7dd57\"},\"description\":\"Ventspils ziedu pakl\u0101ju festiv\u0101ls.\u00a0\u0160ogad p\u0113c divu gadu p\u0101rtraukuma Ventspil\u012b, atkal norisin\u0101j\u0101s ziedu pakl\u0101ju festiv\u0101ls ar dev\u012bzi - \\\"DZIM\u0160ANAS DIENAS TORTE\\\".\u00a0 \u0160is bija divdesmitais ziedu pakl\u0101ju festiv\u0101ls p\u0113c k\u0101rtas.\u00a0Jau 2020. gad\u0101 visi ar lielu nepaciet\u012bbu gaid\u012bja \u0161o floristu sv\u0113tku un festiv\u0101la kulmin\u0101ciju. Bet s\u0101k\u0101s vispasaules s\u0113rga, kam sekoja divu gadu p\u0101rtraukums un nu beidzot \u0161\u0101 gada augusta s\u0101kum\u0101 atkal notika \u0161is ilgi gaid\u012btais pas\u0101kums.\u00a0\",\"breadcrumb\":{\"@id\":\"https:\/\/www.floristu-skola.lv\/ru\/ventspils-ziedu-paklaju-festivals\/#breadcrumb\"},\"inLanguage\":\"lv-LV\",\"potentialAction\":[{\"@type\":\"ReadAction\",\"target\":[\"https:\/\/www.floristu-skola.lv\/ru\/ventspils-ziedu-paklaju-festivals\/\"]}]},{\"@type\":\"BreadcrumbList\",\"@id\":\"https:\/\/www.floristu-skola.lv\/ru\/ventspils-ziedu-paklaju-festivals\/#breadcrumb\",\"itemListElement\":[{\"@type\":\"ListItem\",\"position\":1,\"name\":\"Home\",\"item\":\"https:\/\/www.floristu-skola.lv\/\"},{\"@type\":\"ListItem\",\"position\":2,\"name\":\"Ventspils ziedu pakl\u0101ju festiv\u0101ls\"}]},{\"@type\":\"Person\",\"@id\":\"https:\/\/www.floristu-skola.lv\/#\/schema\/person\/8462cb9bcded15a299616e8a1bb7dd57\",\"name\":\"Floristu skola A-Z\",\"sameAs\":[\"https:\/\/floristu-skola.lv\/\",\"https:\/\/www.facebook.com\/floristuskolaAZ\"],\"url\":\"https:\/\/www.floristu-skola.lv\/author\/skola\/\"}]}<\/script>\n<!-- \/ Yoast SEO Premium plugin. -->","yoast_head_json":{"title":"konkurss ventspils ziedu pakl\u0101ju vestiv\u0101ls","description":"Ventspils ziedu pakl\u0101ju festiv\u0101ls.\u00a0\u0160ogad p\u0113c divu gadu p\u0101rtraukuma Ventspil\u012b, atkal norisin\u0101j\u0101s ziedu pakl\u0101ju festiv\u0101ls ar dev\u012bzi - \"DZIM\u0160ANAS DIENAS TORTE\".\u00a0 \u0160is bija divdesmitais ziedu pakl\u0101ju festiv\u0101ls p\u0113c k\u0101rtas.\u00a0Jau 2020. gad\u0101 visi ar lielu nepaciet\u012bbu gaid\u012bja \u0161o floristu sv\u0113tku un festiv\u0101la kulmin\u0101ciju. Bet s\u0101k\u0101s vispasaules s\u0113rga, kam sekoja divu gadu p\u0101rtraukums un nu beidzot \u0161\u0101 gada augusta s\u0101kum\u0101 atkal notika \u0161is ilgi gaid\u012btais pas\u0101kums.\u00a0","robots":{"index":"index","follow":"follow","max-snippet":"max-snippet:-1","max-image-preview":"max-image-preview:large","max-video-preview":"max-video-preview:-1"},"canonical":"https:\/\/www.floristu-skola.lv\/ventspils-ziedu-paklaju-festivals\/","og_locale":"lv_LV","og_type":"article","og_title":"Ventspils ziedu pakl\u0101ju festiv\u0101ls","og_description":"Ventspils ziedu pakl\u0101ju festiv\u0101ls.\u00a0\u0160ogad p\u0113c divu gadu p\u0101rtraukuma Ventspil\u012b, atkal norisin\u0101j\u0101s ziedu pakl\u0101ju festiv\u0101ls ar dev\u012bzi - \"DZIM\u0160ANAS DIENAS TORTE\".\u00a0 \u0160is bija divdesmitais ziedu pakl\u0101ju festiv\u0101ls p\u0113c k\u0101rtas.\u00a0Jau 2020. gad\u0101 visi ar lielu nepaciet\u012bbu gaid\u012bja \u0161o floristu sv\u0113tku un festiv\u0101la kulmin\u0101ciju. Bet s\u0101k\u0101s vispasaules s\u0113rga, kam sekoja divu gadu p\u0101rtraukums un nu beidzot \u0161\u0101 gada augusta s\u0101kum\u0101 atkal notika \u0161is ilgi gaid\u012btais pas\u0101kums.\u00a0","og_url":"https:\/\/www.floristu-skola.lv\/ru\/ventspils-ziedu-paklaju-festivals\/","og_site_name":"Floristu skola A-Z","article_publisher":"https:\/\/www.facebook.com\/floristuskolaAZ\/","article_author":"https:\/\/www.facebook.com\/floristuskolaAZ","article_published_time":"2022-09-13T19:51:32+00:00","article_modified_time":"2022-10-04T19:11:41+00:00","og_image":[{"url":"https:\/\/www.floristu-skola.lv\/wp-content\/uploads\/2022\/09\/306308603_2258261914333849_5959851353691874339_n-300x293.jpg"}],"author":"Floristu skola A-Z","twitter_card":"summary_large_image","twitter_misc":{"Written by":"Floristu skola A-Z","Est. reading time":"3 minutes"},"schema":{"@context":"https:\/\/schema.org","@graph":[{"@type":"WebSite","@id":"https:\/\/www.floristu-skola.lv\/#website","url":"https:\/\/www.floristu-skola.lv\/","name":"Floristu skola A-Z","description":"Floristu skola A-Z","potentialAction":[{"@type":"SearchAction","target":{"@type":"EntryPoint","urlTemplate":"https:\/\/www.floristu-skola.lv\/?s={search_term_string}"},"query-input":"required name=search_term_string"}],"inLanguage":"lv-LV"},{"@type":"ImageObject","inLanguage":"lv-LV","@id":"https:\/\/www.floristu-skola.lv\/ru\/ventspils-ziedu-paklaju-festivals\/#primaryimage","url":"https:\/\/www.floristu-skola.lv\/wp-content\/uploads\/2022\/09\/306308603_2258261914333849_5959851353691874339_n.jpg","contentUrl":"https:\/\/www.floristu-skola.lv\/wp-content\/uploads\/2022\/09\/306308603_2258261914333849_5959851353691874339_n.jpg","width":1080,"height":1053},{"@type":"WebPage","@id":"https:\/\/www.floristu-skola.lv\/ru\/ventspils-ziedu-paklaju-festivals\/","url":"https:\/\/www.floristu-skola.lv\/ru\/ventspils-ziedu-paklaju-festivals\/","name":"konkurss ventspils ziedu pakl\u0101ju vestiv\u0101ls","isPartOf":{"@id":"https:\/\/www.floristu-skola.lv\/#website"},"primaryImageOfPage":{"@id":"https:\/\/www.floristu-skola.lv\/ru\/ventspils-ziedu-paklaju-festivals\/#primaryimage"},"datePublished":"2022-09-13T19:51:32+00:00","dateModified":"2022-10-04T19:11:41+00:00","author":{"@id":"https:\/\/www.floristu-skola.lv\/#\/schema\/person\/8462cb9bcded15a299616e8a1bb7dd57"},"description":"Ventspils ziedu pakl\u0101ju festiv\u0101ls.\u00a0\u0160ogad p\u0113c divu gadu p\u0101rtraukuma Ventspil\u012b, atkal norisin\u0101j\u0101s ziedu pakl\u0101ju festiv\u0101ls ar dev\u012bzi - \"DZIM\u0160ANAS DIENAS TORTE\".\u00a0 \u0160is bija divdesmitais ziedu pakl\u0101ju festiv\u0101ls p\u0113c k\u0101rtas.\u00a0Jau 2020. gad\u0101 visi ar lielu nepaciet\u012bbu gaid\u012bja \u0161o floristu sv\u0113tku un festiv\u0101la kulmin\u0101ciju. Bet s\u0101k\u0101s vispasaules s\u0113rga, kam sekoja divu gadu p\u0101rtraukums un nu beidzot \u0161\u0101 gada augusta s\u0101kum\u0101 atkal notika \u0161is ilgi gaid\u012btais pas\u0101kums.\u00a0","breadcrumb":{"@id":"https:\/\/www.floristu-skola.lv\/ru\/ventspils-ziedu-paklaju-festivals\/#breadcrumb"},"inLanguage":"lv-LV","potentialAction":[{"@type":"ReadAction","target":["https:\/\/www.floristu-skola.lv\/ru\/ventspils-ziedu-paklaju-festivals\/"]}]},{"@type":"BreadcrumbList","@id":"https:\/\/www.floristu-skola.lv\/ru\/ventspils-ziedu-paklaju-festivals\/#breadcrumb","itemListElement":[{"@type":"ListItem","position":1,"name":"Home","item":"https:\/\/www.floristu-skola.lv\/"},{"@type":"ListItem","position":2,"name":"Ventspils ziedu pakl\u0101ju festiv\u0101ls"}]},{"@type":"Person","@id":"https:\/\/www.floristu-skola.lv\/#\/schema\/person\/8462cb9bcded15a299616e8a1bb7dd57","name":"Floristu skola A-Z","sameAs":["https:\/\/floristu-skola.lv\/","https:\/\/www.facebook.com\/floristuskolaAZ"],"url":"https:\/\/www.floristu-skola.lv\/author\/skola\/"}]}},"_links":{"self":[{"href":"https:\/\/www.floristu-skola.lv\/ru\/wp-json\/wp\/v2\/posts\/7990\/"}],"collection":[{"href":"https:\/\/www.floristu-skola.lv\/ru\/wp-json\/wp\/v2\/posts\/"}],"about":[{"href":"https:\/\/www.floristu-skola.lv\/ru\/wp-json\/wp\/v2\/types\/post\/"}],"author":[{"embeddable":true,"href":"https:\/\/www.floristu-skola.lv\/ru\/wp-json\/wp\/v2\/users\/2\/"}],"replies":[{"embeddable":true,"href":"https:\/\/www.floristu-skola.lv\/ru\/wp-json\/wp\/v2\/comments\/?post=7990"}],"version-history":[{"count":5,"href":"https:\/\/www.floristu-skola.lv\/ru\/wp-json\/wp\/v2\/posts\/7990\/revisions\/"}],"predecessor-version":[{"id":8025,"href":"https:\/\/www.floristu-skola.lv\/ru\/wp-json\/wp\/v2\/posts\/7990\/revisions\/8025\/"}],"wp:attachment":[{"href":"https:\/\/www.floristu-skola.lv\/ru\/wp-json\/wp\/v2\/media\/?parent=7990"}],"wp:term":[{"taxonomy":"category","embeddable":true,"href":"https:\/\/www.floristu-skola.lv\/ru\/wp-json\/wp\/v2\/categories\/?post=7990"},{"taxonomy":"post_tag","embeddable":true,"href":"https:\/\/www.floristu-skola.lv\/ru\/wp-json\/wp\/v2\/tags\/?post=7990"}],"curies":[{"name":"wp","href":"https:\/\/api.w.org\/{rel}","templated":true}]}}